{"id":1599,"date":"2023-11-21T08:25:09","date_gmt":"2023-11-21T07:25:09","guid":{"rendered":"https:\/\/schloss-oberstein.de\/themes\/twentyseventeen\/?p=1599"},"modified":"2023-11-21T08:25:09","modified_gmt":"2023-11-21T07:25:09","slug":"bericht-der-nahe-zeitung-zum-weihnachtsmarkt","status":"publish","type":"post","link":"https:\/\/schloss-oberstein.de\/themes\/twentyseventeen\/?p=1599","title":{"rendered":"Bericht der Nahe-Zeitung zum Weihnachtsmarkt"},"content":{"rendered":"<p><img loading=\"lazy\" decoding=\"async\" class=\"alignnone size-medium wp-image-1602\" src=\"https:\/\/schloss-oberstein.de\/wp-content\/uploads\/2023\/11\/Bildschirmfoto-2023-11-21-um-08.17-300x171.png\" alt=\"\" width=\"300\" height=\"171\" srcset=\"https:\/\/schloss-oberstein.de\/wp-content\/uploads\/2023\/11\/Bildschirmfoto-2023-11-21-um-08.17-300x171.png 300w, https:\/\/schloss-oberstein.de\/wp-content\/uploads\/2023\/11\/Bildschirmfoto-2023-11-21-um-08.17.png 564w\" sizes=\"auto, (max-width: 300px) 100vw, 300px\" \/><\/p>\r\n\r\n<p>Die Nahe-Zeitung berichtet in ihrer Ausgabe vom 18. November 2023 \u00fcber den anstehenden 15. Romantischen Weihnachtsmarkt.<br \/>&#8222;Die Vorbereitungen f\u00fcr den Weihnachtsmarkt auf Schloss Oberstein am 2. und 3. Dezember sind in vollem Gang. \u201eDer Burgenverein freut sich sehr, wieder mit den Freundinnen und Freunden von Schloss Oberstein am ersten Adventswochenende feiern zu k\u00f6nnen\u201c, schreibt der Verein in einer Pressemitteilung.<br \/>Das besondere Ambiente von Schloss Oberstein habe in den vergangenen Jahren mit dazu beigetragen, dass der romantische Weihnachtsmarkt zu den sch\u00f6nsten und stimmungsvollsten Adventsveranstaltungen in der Region z\u00e4hle. Alle R\u00e4ume im Schloss sowie der komplette Au\u00dfenbereich w\u00fcrden f\u00fcr den Markt ge\u00f6ffnet sein. Erstmals sei die neue \u00dcberdachung des Nordost-Turms mit in die Veranstaltung einbezogen, sodass der Zugang zu den Ausstellern in den Katakomben noch sch\u00f6ner und wetterfest gestaltet werden k\u00f6nne.<br \/>Die Aussteller bieten demnach in dem weihnachtlich geschm\u00fcckten Schloss ein reichhaltiges Sortiment zur Adventszeit an. Der Tradition eines vorweihnachtlichen und familienfreundlichen Marktes entsprechend, werden ausschlie\u00dflich Aussteller mit einem weihnachtlichen Warenangebot wie Adventsgestecke, weihnachtliche Dekorationsartikel, Geschenkartikel, Kerzen, Schmuck, Bilder, B\u00fccher, Spielwaren historischer Art, T\u00f6pfereiwaren, Strickwaren, Goldschmiedearbeiten sowie kunsthandwerkliche Holz- und Metallerzeugnisse zugelassen.<br \/>In den Gastronomiebereichen auf der Terrasse und im Au\u00dfenhof werden neben Waffeln, Grillwaren, Rahmfladen, Flammkuchen und Flammlachs angeboten, der Kaffee- und Kuchenstand im Wirich-Trakt l\u00e4dt ebenfalls zu einem gem\u00fctlichen Plausch ein. Kleinbusse pendeln an beiden Tagen kostenlos zwischen dem Platz Auf der Idar und dem Schloss. red<br \/>Am Samstag ist der Markt von 14 bis 21 Uhr und am Sonntag von 12 bis 18 Uhr ge\u00f6ffnet.<\/p>\r\n","protected":false},"excerpt":{"rendered":"<p>Die Nahe-Zeitung berichtet in ihrer Ausgabe vom 18. November 2023 \u00fcber den anstehenden 15. Romantischen Weihnachtsmarkt.&#8222;Die Vorbereitungen f\u00fcr den Weihnachtsmarkt auf Schloss Oberstein am 2. und 3. Dezember sind in vollem Gang. \u201eDer Burgenverein freut sich sehr, wieder mit den Freundinnen und Freunden von Schloss Oberstein am ersten Adventswochenende feiern zu k\u00f6nnen\u201c, schreibt der Verein [&hellip;]<\/p>\n","protected":false},"author":2,"featured_media":0,"comment_status":"closed","ping_status":"closed","sticky":false,"template":"","format":"standard","meta":{"footnotes":""},"categories":[14],"tags":[],"class_list":["post-1599","post","type-post","status-publish","format-standard","hentry","category-neuigkeiten"],"publishpress_future_action":{"enabled":false,"date":"2026-05-06 15:35:00","action":"change-status","newStatus":"draft","terms":[],"taxonomy":"category","extraData":[]},"publishpress_future_workflow_manual_trigger":{"enabledWorkflows":[]},"_links":{"self":[{"href":"https:\/\/schloss-oberstein.de\/themes\/twentyseventeen\/index.php?rest_route=\/wp\/v2\/posts\/1599","targetHints":{"allow":["GET"]}}],"collection":[{"href":"https:\/\/schloss-oberstein.de\/themes\/twentyseventeen\/index.php?rest_route=\/wp\/v2\/posts"}],"about":[{"href":"https:\/\/schloss-oberstein.de\/themes\/twentyseventeen\/index.php?rest_route=\/wp\/v2\/types\/post"}],"author":[{"embeddable":true,"href":"https:\/\/schloss-oberstein.de\/themes\/twentyseventeen\/index.php?rest_route=\/wp\/v2\/users\/2"}],"replies":[{"embeddable":true,"href":"https:\/\/schloss-oberstein.de\/themes\/twentyseventeen\/index.php?rest_route=%2Fwp%2Fv2%2Fcomments&post=1599"}],"version-history":[{"count":2,"href":"https:\/\/schloss-oberstein.de\/themes\/twentyseventeen\/index.php?rest_route=\/wp\/v2\/posts\/1599\/revisions"}],"predecessor-version":[{"id":1603,"href":"https:\/\/schloss-oberstein.de\/themes\/twentyseventeen\/index.php?rest_route=\/wp\/v2\/posts\/1599\/revisions\/1603"}],"wp:attachment":[{"href":"https:\/\/schloss-oberstein.de\/themes\/twentyseventeen\/index.php?rest_route=%2Fwp%2Fv2%2Fmedia&parent=1599"}],"wp:term":[{"taxonomy":"category","embeddable":true,"href":"https:\/\/schloss-oberstein.de\/themes\/twentyseventeen\/index.php?rest_route=%2Fwp%2Fv2%2Fcategories&post=1599"},{"taxonomy":"post_tag","embeddable":true,"href":"https:\/\/schloss-oberstein.de\/themes\/twentyseventeen\/index.php?rest_route=%2Fwp%2Fv2%2Ftags&post=1599"}],"curies":[{"name":"wp","href":"https:\/\/api.w.org\/{rel}","templated":true}]}}