{"id":2,"date":"2014-02-07T16:38:08","date_gmt":"2014-02-07T15:38:08","guid":{"rendered":"http:\/\/2022.schloss-oberstein.de\/themes\/twentyseventeen\/2014\/02\/07\/die-ahnenprobe-im-koelner-dom\/"},"modified":"2023-01-20T18:32:02","modified_gmt":"2023-01-20T17:32:02","slug":"die-ahnenprobe-im-koelner-dom","status":"publish","type":"post","link":"https:\/\/schloss-oberstein.de\/themes\/twentyseventeen\/?p=2","title":{"rendered":"Die Ahnenprobe Philipps II. von Daun-Oberstein"},"content":{"rendered":"<p><img loading=\"lazy\" decoding=\"async\" class=\"size-medium wp-image-22 alignleft\" src=\"https:\/\/schloss-oberstein.de\/wp-content\/uploads\/2014\/02\/DSC00139_kompr-300x233.jpg\" alt=\"DSC00139 kompr\" width=\"300\" height=\"233\" srcset=\"https:\/\/schloss-oberstein.de\/wp-content\/uploads\/2014\/02\/DSC00139_kompr-300x233.jpg 300w, https:\/\/schloss-oberstein.de\/wp-content\/uploads\/2014\/02\/DSC00139_kompr.jpg 433w\" sizes=\"auto, (max-width: 300px) 100vw, 300px\" \/>Um Kurf\u00fcrst von K\u00f6ln zu werden, musste Philipp II. von Daun-Oberstein eine Ahnenprobe ablegen, das hei\u00dft, er musste nachweisen, dass alle seine Ururgro\u00dfeltern von Adel waren.<\/p>\n<p>Kurf\u00fcrst und Erzbischof Philipp von Daun-Oberstein stiftete zwei sp\u00e4tgotische Kirchenfenster im n\u00f6rdlichen Seitenschiff des K\u00f6lner Domes. In einem sind die Familienwappen seiner Vorfahren dargestellt, zus\u00e4tzlich ein Bild von ihm selbst und seinen Eltern Wirich IV. von Daun-Oberstein und Margarete von Leiningen.<\/p>\n<p>Die Wappen finden Sie auch auf den Konsolsteinen im Wappensaal des Schlosses. Sie sind im \u201eF\u00fchrer durch Schlo\u00df Oberstein\u201c beschrieben. Dieser F\u00fchrer kann in der Eingangshalle des Schlosses und in den Buchhandlungen der Stadt \u00a0erworben werden.<\/p>\n","protected":false},"excerpt":{"rendered":"<p>Um Kurf\u00fcrst von K\u00f6ln zu werden, musste Philipp II. von Daun-Oberstein eine Ahnenprobe ablegen, das hei\u00dft, er musste nachweisen, dass alle seine Ururgro\u00dfeltern von Adel waren. Kurf\u00fcrst und Erzbischof Philipp von Daun-Oberstein stiftete zwei sp\u00e4tgotische Kirchenfenster im n\u00f6rdlichen Seitenschiff des K\u00f6lner Domes. In einem sind die Familienwappen seiner Vorfahren dargestellt, zus\u00e4tzlich ein Bild von ihm [&hellip;]<\/p>\n","protected":false},"author":1,"featured_media":22,"comment_status":"open","ping_status":"open","sticky":false,"template":"","format":"standard","meta":{"footnotes":""},"categories":[4],"tags":[],"class_list":["post-2","post","type-post","status-publish","format-standard","has-post-thumbnail","hentry","category-geschichte"],"publishpress_future_action":{"enabled":false,"date":"2026-05-06 11:57:37","action":"change-status","newStatus":"draft","terms":[],"taxonomy":"category","extraData":[]},"publishpress_future_workflow_manual_trigger":{"enabledWorkflows":[]},"_links":{"self":[{"href":"https:\/\/schloss-oberstein.de\/themes\/twentyseventeen\/index.php?rest_route=\/wp\/v2\/posts\/2","targetHints":{"allow":["GET"]}}],"collection":[{"href":"https:\/\/schloss-oberstein.de\/themes\/twentyseventeen\/index.php?rest_route=\/wp\/v2\/posts"}],"about":[{"href":"https:\/\/schloss-oberstein.de\/themes\/twentyseventeen\/index.php?rest_route=\/wp\/v2\/types\/post"}],"author":[{"embeddable":true,"href":"https:\/\/schloss-oberstein.de\/themes\/twentyseventeen\/index.php?rest_route=\/wp\/v2\/users\/1"}],"replies":[{"embeddable":true,"href":"https:\/\/schloss-oberstein.de\/themes\/twentyseventeen\/index.php?rest_route=%2Fwp%2Fv2%2Fcomments&post=2"}],"version-history":[{"count":2,"href":"https:\/\/schloss-oberstein.de\/themes\/twentyseventeen\/index.php?rest_route=\/wp\/v2\/posts\/2\/revisions"}],"predecessor-version":[{"id":1194,"href":"https:\/\/schloss-oberstein.de\/themes\/twentyseventeen\/index.php?rest_route=\/wp\/v2\/posts\/2\/revisions\/1194"}],"wp:featuredmedia":[{"embeddable":true,"href":"https:\/\/schloss-oberstein.de\/themes\/twentyseventeen\/index.php?rest_route=\/wp\/v2\/media\/22"}],"wp:attachment":[{"href":"https:\/\/schloss-oberstein.de\/themes\/twentyseventeen\/index.php?rest_route=%2Fwp%2Fv2%2Fmedia&parent=2"}],"wp:term":[{"taxonomy":"category","embeddable":true,"href":"https:\/\/schloss-oberstein.de\/themes\/twentyseventeen\/index.php?rest_route=%2Fwp%2Fv2%2Fcategories&post=2"},{"taxonomy":"post_tag","embeddable":true,"href":"https:\/\/schloss-oberstein.de\/themes\/twentyseventeen\/index.php?rest_route=%2Fwp%2Fv2%2Ftags&post=2"}],"curies":[{"name":"wp","href":"https:\/\/api.w.org\/{rel}","templated":true}]}}