{"id":2957,"date":"2025-09-12T08:22:08","date_gmt":"2025-09-12T06:22:08","guid":{"rendered":"https:\/\/schloss-oberstein.de\/themes\/twentyseventeen\/?p=2957"},"modified":"2025-09-12T08:22:08","modified_gmt":"2025-09-12T06:22:08","slug":"tag-des-offenen-denkmals-2025-auf-schloss-oberstein","status":"publish","type":"post","link":"https:\/\/schloss-oberstein.de\/themes\/twentyseventeen\/?p=2957","title":{"rendered":"Tag des offenen Denkmals 2025 auf Schloss Oberstein!"},"content":{"rendered":"<p>Willkommen bei Deutschlands gr\u00f6\u00dftem Kulturevent! Auch in diesem Jahr nimmt der Burgenverein mit Schloss Oberstein wieder am Tag des offenen Denkmals teil. Bei freiem Eintritt bietet sich die Gelegenheit, in die faszinierende Welt der Geschichte dieses Wahrzeichens von Idar-Oberstein einzutauchen, w\u00e4hrend man durch Schloss Oberstein wandelt. \u00dcber 5.000 Denkmalt\u00fcren \u00f6ffnen sich immer am 2. Sonntag im September deutschlandweit f\u00fcr interessierte Menschen, ihre Freunde und die ganze Familie. Entdecken Sie sonst nicht zug\u00e4ngliche Orte und lernen Sie Schloss Oberstein kennen.<\/p>\n<p>Sehen Sie Ausstellungst\u00fccke aus den Ausgrabungen in den 80er Jahren, entdecken Sie Dauerleihgaben wie die historische Zapfs\u00e4ule aus dem Hotel Bach\/dem Schlosshotel, die jetzt ihren w\u00fcrdigen Platz in der Wirichstube gefunden hat. Die vom Schutt der Ausgrabungen befreite Grabungst\u00e4tte ist an diesem Tag f\u00fcr die Besucherinnen und Besucher ge\u00f6ffnet und Mitglieder des Burgenvereins geben gerne sachkundige Informationen.<\/p>\n<p>Dr . Regina Geiss-Dreier hat die Sonderausstellung &#8222;Schlossarch\u00e4ologie &#8211; Vom Kochen und Speisen auf Schloss Oberstein&#8220; erarbeitet, die an diesem Tag auch besucht werden kann.<\/p>\n<p>Nicht zuletzt bietet die Wirichstube mit Kaffee, Kuchen und Erfrischungsgetr\u00e4nken die M\u00f6glichkeit, von all den Informationen zu entspannen. Und so lange der Vorrat reicht, gibt es &#8222;Wurst in der Weck&#8220; vom Grill.<\/p>\n","protected":false},"excerpt":{"rendered":"<p>Willkommen bei Deutschlands gr\u00f6\u00dftem Kulturevent! Auch in diesem Jahr nimmt der Burgenverein mit Schloss Oberstein wieder am Tag des offenen Denkmals teil. Bei freiem Eintritt bietet sich die Gelegenheit, in die faszinierende Welt der Geschichte dieses Wahrzeichens von Idar-Oberstein einzutauchen, w\u00e4hrend man durch Schloss Oberstein wandelt. \u00dcber 5.000 Denkmalt\u00fcren \u00f6ffnen sich immer am 2. Sonntag [&hellip;]<\/p>\n","protected":false},"author":2,"featured_media":0,"comment_status":"closed","ping_status":"closed","sticky":false,"template":"","format":"standard","meta":{"footnotes":""},"categories":[14],"tags":[],"class_list":["post-2957","post","type-post","status-publish","format-standard","hentry","category-neuigkeiten"],"publishpress_future_action":{"enabled":false,"date":"2026-05-05 04:19:43","action":"change-status","newStatus":"draft","terms":[],"taxonomy":"category","extraData":[]},"publishpress_future_workflow_manual_trigger":{"enabledWorkflows":[]},"_links":{"self":[{"href":"https:\/\/schloss-oberstein.de\/themes\/twentyseventeen\/index.php?rest_route=\/wp\/v2\/posts\/2957","targetHints":{"allow":["GET"]}}],"collection":[{"href":"https:\/\/schloss-oberstein.de\/themes\/twentyseventeen\/index.php?rest_route=\/wp\/v2\/posts"}],"about":[{"href":"https:\/\/schloss-oberstein.de\/themes\/twentyseventeen\/index.php?rest_route=\/wp\/v2\/types\/post"}],"author":[{"embeddable":true,"href":"https:\/\/schloss-oberstein.de\/themes\/twentyseventeen\/index.php?rest_route=\/wp\/v2\/users\/2"}],"replies":[{"embeddable":true,"href":"https:\/\/schloss-oberstein.de\/themes\/twentyseventeen\/index.php?rest_route=%2Fwp%2Fv2%2Fcomments&post=2957"}],"version-history":[{"count":1,"href":"https:\/\/schloss-oberstein.de\/themes\/twentyseventeen\/index.php?rest_route=\/wp\/v2\/posts\/2957\/revisions"}],"predecessor-version":[{"id":2958,"href":"https:\/\/schloss-oberstein.de\/themes\/twentyseventeen\/index.php?rest_route=\/wp\/v2\/posts\/2957\/revisions\/2958"}],"wp:attachment":[{"href":"https:\/\/schloss-oberstein.de\/themes\/twentyseventeen\/index.php?rest_route=%2Fwp%2Fv2%2Fmedia&parent=2957"}],"wp:term":[{"taxonomy":"category","embeddable":true,"href":"https:\/\/schloss-oberstein.de\/themes\/twentyseventeen\/index.php?rest_route=%2Fwp%2Fv2%2Fcategories&post=2957"},{"taxonomy":"post_tag","embeddable":true,"href":"https:\/\/schloss-oberstein.de\/themes\/twentyseventeen\/index.php?rest_route=%2Fwp%2Fv2%2Ftags&post=2957"}],"curies":[{"name":"wp","href":"https:\/\/api.w.org\/{rel}","templated":true}]}}