{"id":303,"date":"2018-12-31T13:16:13","date_gmt":"2018-12-31T12:16:13","guid":{"rendered":"http:\/\/2022.schloss-oberstein.de\/themes\/twentyseventeen\/2018\/12\/31\/das-war-der-weihnachtsmarkt-2018\/"},"modified":"2018-12-31T13:16:13","modified_gmt":"2018-12-31T12:16:13","slug":"das-war-der-weihnachtsmarkt-2018","status":"publish","type":"post","link":"https:\/\/schloss-oberstein.de\/themes\/twentyseventeen\/?p=303","title":{"rendered":"Das war der Weihnachtsmarkt 2018"},"content":{"rendered":"<p style=\"text-align: justify;\"><img loading=\"lazy\" decoding=\"async\" class=\" alignleft size-full wp-image-298\" style=\"margin: 5px; float: left;\" src=\"http:\/\/2022.schloss-oberstein.de\/wp-content\/uploads\/2018\/12\/20181201_170601.jpg\" alt=\"20181201 170601\" width=\"275\" height=\"206\" srcset=\"https:\/\/schloss-oberstein.de\/wp-content\/uploads\/2018\/12\/20181201_170601.jpg 800w, https:\/\/schloss-oberstein.de\/wp-content\/uploads\/2018\/12\/20181201_170601-300x225.jpg 300w, https:\/\/schloss-oberstein.de\/wp-content\/uploads\/2018\/12\/20181201_170601-768x576.jpg 768w\" sizes=\"auto, (max-width: 275px) 100vw, 275px\" \/>Der Weihnachtsmarkt auf Schloss Oberstein hatte 2018 unter der schlechten Witterung zu leiden. Trotzdem und vielleicht gerade deswegen konnten wir zahlreiche Besucher auf dem Schloss begr\u00fc\u00dfen. Neben dem vielf\u00e4ltigen Angebot von Ausstellern aus der Region konnte sich an vielerlei Essen- und Getr\u00e4nkest\u00e4nden gest\u00e4rkt werden. Zeitweise war kaum noch ein Durchkommen in unserem historischen Schloss.<\/p>\n<p><!--more--><\/p>\n<p style=\"text-align: justify;\">&nbsp;<\/p>\n<p style=\"text-align: justify;\">Dank der Leitung durch unsere beiden Vorsitzenden Ralph Effgen und Michael Dietz sowie unserer zahlreichen Helfer konnte ein reibungsloser Betrieb sichergestellt werden. Auch die Auftritte von verschiedenen Musikgruppen trugen zum weihnachtlichen Flair entscheidend bei. Ein Highlight war definitiv die \u00dcbergabe einer Spende von 500 Euro durch das IT-Systemhaus Thome an den BVSO.<\/p>\n<p style=\"text-align: justify;\">Wir danken allen Helfern, Sponsoren, Spendern, Unterst\u00fctzern und Freunden, dass sie uns ein tolles Event erm\u00f6glicht haben!<\/p>\n<p><img loading=\"lazy\" decoding=\"async\" class=\" size-full wp-image-299\" src=\"http:\/\/2022.schloss-oberstein.de\/wp-content\/uploads\/2018\/12\/P1030557.JPG\" alt=\"P1030557\" width=\"275\" height=\"207\" srcset=\"https:\/\/schloss-oberstein.de\/wp-content\/uploads\/2018\/12\/P1030557.JPG 800w, https:\/\/schloss-oberstein.de\/wp-content\/uploads\/2018\/12\/P1030557-300x225.jpg 300w, https:\/\/schloss-oberstein.de\/wp-content\/uploads\/2018\/12\/P1030557-768x576.jpg 768w\" sizes=\"auto, (max-width: 275px) 100vw, 275px\" \/>&nbsp; &nbsp;<img loading=\"lazy\" decoding=\"async\" class=\" size-full wp-image-300\" src=\"http:\/\/2022.schloss-oberstein.de\/wp-content\/uploads\/2018\/12\/P1030561.JPG\" alt=\"P1030561\" width=\"275\" height=\"206\" srcset=\"https:\/\/schloss-oberstein.de\/wp-content\/uploads\/2018\/12\/P1030561.JPG 800w, https:\/\/schloss-oberstein.de\/wp-content\/uploads\/2018\/12\/P1030561-300x225.jpg 300w, https:\/\/schloss-oberstein.de\/wp-content\/uploads\/2018\/12\/P1030561-768x576.jpg 768w\" sizes=\"auto, (max-width: 275px) 100vw, 275px\" \/><\/p>\n<p><img loading=\"lazy\" decoding=\"async\" class=\" size-full wp-image-301\" src=\"http:\/\/2022.schloss-oberstein.de\/wp-content\/uploads\/2018\/12\/P1030587.JPG\" alt=\"P1030587\" width=\"275\" height=\"207\" srcset=\"https:\/\/schloss-oberstein.de\/wp-content\/uploads\/2018\/12\/P1030587.JPG 800w, https:\/\/schloss-oberstein.de\/wp-content\/uploads\/2018\/12\/P1030587-300x225.jpg 300w, https:\/\/schloss-oberstein.de\/wp-content\/uploads\/2018\/12\/P1030587-768x576.jpg 768w\" sizes=\"auto, (max-width: 275px) 100vw, 275px\" \/>&nbsp; &nbsp;<img loading=\"lazy\" decoding=\"async\" class=\" size-full wp-image-302\" src=\"http:\/\/2022.schloss-oberstein.de\/wp-content\/uploads\/2018\/12\/P1030594.JPG\" alt=\"P1030594\" width=\"275\" height=\"206\" srcset=\"https:\/\/schloss-oberstein.de\/wp-content\/uploads\/2018\/12\/P1030594.JPG 800w, https:\/\/schloss-oberstein.de\/wp-content\/uploads\/2018\/12\/P1030594-300x225.jpg 300w, https:\/\/schloss-oberstein.de\/wp-content\/uploads\/2018\/12\/P1030594-768x576.jpg 768w\" sizes=\"auto, (max-width: 275px) 100vw, 275px\" \/><\/p>\n<p>&nbsp;<\/p>\n","protected":false},"excerpt":{"rendered":"<p>Der Weihnachtsmarkt auf Schloss Oberstein hatte 2018 unter der schlechten Witterung zu leiden. Trotzdem und vielleicht gerade deswegen konnten wir zahlreiche Besucher auf dem Schloss begr\u00fc\u00dfen. Neben dem vielf\u00e4ltigen Angebot von Ausstellern aus der Region konnte sich an vielerlei Essen- und Getr\u00e4nkest\u00e4nden gest\u00e4rkt werden. Zeitweise war kaum noch ein Durchkommen in unserem historischen Schloss.<\/p>\n","protected":false},"author":1,"featured_media":298,"comment_status":"open","ping_status":"open","sticky":false,"template":"","format":"standard","meta":{"footnotes":""},"categories":[3],"tags":[],"class_list":["post-303","post","type-post","status-publish","format-standard","has-post-thumbnail","hentry","category-nicht-kategorisiert"],"publishpress_future_action":{"enabled":false,"date":"2026-05-08 22:22:03","action":"change-status","newStatus":"draft","terms":[],"taxonomy":"category","extraData":[]},"publishpress_future_workflow_manual_trigger":{"enabledWorkflows":[]},"_links":{"self":[{"href":"https:\/\/schloss-oberstein.de\/themes\/twentyseventeen\/index.php?rest_route=\/wp\/v2\/posts\/303","targetHints":{"allow":["GET"]}}],"collection":[{"href":"https:\/\/schloss-oberstein.de\/themes\/twentyseventeen\/index.php?rest_route=\/wp\/v2\/posts"}],"about":[{"href":"https:\/\/schloss-oberstein.de\/themes\/twentyseventeen\/index.php?rest_route=\/wp\/v2\/types\/post"}],"author":[{"embeddable":true,"href":"https:\/\/schloss-oberstein.de\/themes\/twentyseventeen\/index.php?rest_route=\/wp\/v2\/users\/1"}],"replies":[{"embeddable":true,"href":"https:\/\/schloss-oberstein.de\/themes\/twentyseventeen\/index.php?rest_route=%2Fwp%2Fv2%2Fcomments&post=303"}],"version-history":[{"count":0,"href":"https:\/\/schloss-oberstein.de\/themes\/twentyseventeen\/index.php?rest_route=\/wp\/v2\/posts\/303\/revisions"}],"wp:featuredmedia":[{"embeddable":true,"href":"https:\/\/schloss-oberstein.de\/themes\/twentyseventeen\/index.php?rest_route=\/wp\/v2\/media\/298"}],"wp:attachment":[{"href":"https:\/\/schloss-oberstein.de\/themes\/twentyseventeen\/index.php?rest_route=%2Fwp%2Fv2%2Fmedia&parent=303"}],"wp:term":[{"taxonomy":"category","embeddable":true,"href":"https:\/\/schloss-oberstein.de\/themes\/twentyseventeen\/index.php?rest_route=%2Fwp%2Fv2%2Fcategories&post=303"},{"taxonomy":"post_tag","embeddable":true,"href":"https:\/\/schloss-oberstein.de\/themes\/twentyseventeen\/index.php?rest_route=%2Fwp%2Fv2%2Ftags&post=303"}],"curies":[{"name":"wp","href":"https:\/\/api.w.org\/{rel}","templated":true}]}}