{"id":311,"date":"2019-02-25T17:26:01","date_gmt":"2019-02-25T16:26:01","guid":{"rendered":"http:\/\/2022.schloss-oberstein.de\/themes\/twentyseventeen\/2019\/02\/25\/maybebop-22-02-19-eine-erfolgsgeschichte-geht-weiter\/"},"modified":"2019-02-25T17:26:01","modified_gmt":"2019-02-25T16:26:01","slug":"maybebop-22-02-19-eine-erfolgsgeschichte-geht-weiter","status":"publish","type":"post","link":"https:\/\/schloss-oberstein.de\/themes\/twentyseventeen\/?p=311","title":{"rendered":"Maybebop 22.02.19 &#8211; eine Erfolgsgeschichte geht weiter"},"content":{"rendered":"<figure><figcaption><\/figcaption><\/figure>\n<figure class=\"pull-left\"><img loading=\"lazy\" decoding=\"async\" class=\" size-full wp-image-308\" src=\"http:\/\/2022.schloss-oberstein.de\/wp-content\/uploads\/2019\/02\/Maybebop_2019.png\" alt=\"\" width=\"301\" height=\"145\" srcset=\"https:\/\/schloss-oberstein.de\/wp-content\/uploads\/2019\/02\/Maybebop_2019.png 959w, https:\/\/schloss-oberstein.de\/wp-content\/uploads\/2019\/02\/Maybebop_2019-300x145.png 300w, https:\/\/schloss-oberstein.de\/wp-content\/uploads\/2019\/02\/Maybebop_2019-768x370.png 768w\" sizes=\"auto, (max-width: 301px) 100vw, 301px\" \/><figcaption>Foto: Hosser<\/figcaption><\/figure>\n<p style=\"text-align: justify;\">Der 22. Februar 2019 wird sicher so manchem Musikfreund aus dem Raum Idar-Oberstein lange in positiver Erinnerung bleiben. Denn die Musiker von MAYBEBOP wussten auch bei ihrem zweiten Auftritt in der Nahestadt alle Anwesenden in ihren Bann zu ziehen &#8211; mehrfache stehende Ovationen sprachen ihre eigene Sprache. Auch der <a title=\"Bericht Nahezeitung vom 26.02.19\" href=\"http:\/\/2022.schloss-oberstein.de\/wp-content\/uploads\/2019\/02\/20190226_Bericht_Nahezeitung_Maybebop.pdf\" target=\"_blank\" rel=\"noopener\">Bericht in der Nahe-Zeitung<\/a> unterstreicht dieses Feedback.<\/p>\n<p><!--more--><\/p>\n<p style=\"text-align: justify;\">&nbsp;Nachdem die lokale A-capella-Formation @bast sich viel M\u00fche gegeben hatte, das Publikum auf den Topact einzustimmen, betrat MAYBEBOP gegen 19:55 Uhr die B\u00fchne, um ein St\u00fcck gemeinsam mit den Lokalmatadoren zu singen. Frenetischer Applaus war die Folge, und so hatten die Musiker die idealen Voraussetzungen, um ihr vielseitiges und immer mit einem Augenzwinkern vorgetragenes Programm vorzustellen. Sistemfeler reloaded sozusagen, mit neuen Songs garniert und wie schon 2017 in herausragender Virtuosit\u00e4t intoniert, brachte das Publikum zum Ausflippen &#8211; anders kann man es nicht ausdr\u00fccken. Und so sah man nach zweieinhalb Stunden durchweg \u00fcberaus zufriedene und gl\u00fcckliche Gesichter im Publikum. MAYBEBOP versprach, wiederzukommen, und wir freuen uns schon darauf!<\/p>\n<p style=\"text-align: justify;\">Der Dank des BVSO gilt allen, die dieses Ereignis m\u00f6glich machten, allen voran unserem Vorsitzenden Ralph Effgen.<\/p>\n<p><a href=\"http:\/\/2022.schloss-oberstein.de\/wp-content\/uploads\/2019\/02\/20190226_Bericht_Nahezeitung_Maybebop.pdf\" target=\"_blank\" rel=\"noopener\"><img loading=\"lazy\" decoding=\"async\" class=\" size-full wp-image-310\" style=\"display: block; margin-left: auto; margin-right: auto;\" src=\"http:\/\/2022.schloss-oberstein.de\/wp-content\/uploads\/2019\/02\/Bericht_Maybebop_2019.png\" alt=\"Bericht Maybebop 2019\" width=\"430\" height=\"248\" \/><\/a><\/p>\n","protected":false},"excerpt":{"rendered":"<p>Foto: Hosser Der 22. Februar 2019 wird sicher so manchem Musikfreund aus dem Raum Idar-Oberstein lange in positiver Erinnerung bleiben. Denn die Musiker von MAYBEBOP wussten auch bei ihrem zweiten Auftritt in der Nahestadt alle Anwesenden in ihren Bann zu ziehen &#8211; mehrfache stehende Ovationen sprachen ihre eigene Sprache. Auch der Bericht in der Nahe-Zeitung [&hellip;]<\/p>\n","protected":false},"author":1,"featured_media":308,"comment_status":"open","ping_status":"open","sticky":false,"template":"","format":"standard","meta":{"footnotes":""},"categories":[28],"tags":[],"class_list":["post-311","post","type-post","status-publish","format-standard","has-post-thumbnail","hentry","category-veranstaltungen"],"publishpress_future_action":{"enabled":false,"date":"2026-05-08 21:33:56","action":"change-status","newStatus":"draft","terms":[],"taxonomy":"category","extraData":[]},"publishpress_future_workflow_manual_trigger":{"enabledWorkflows":[]},"_links":{"self":[{"href":"https:\/\/schloss-oberstein.de\/themes\/twentyseventeen\/index.php?rest_route=\/wp\/v2\/posts\/311","targetHints":{"allow":["GET"]}}],"collection":[{"href":"https:\/\/schloss-oberstein.de\/themes\/twentyseventeen\/index.php?rest_route=\/wp\/v2\/posts"}],"about":[{"href":"https:\/\/schloss-oberstein.de\/themes\/twentyseventeen\/index.php?rest_route=\/wp\/v2\/types\/post"}],"author":[{"embeddable":true,"href":"https:\/\/schloss-oberstein.de\/themes\/twentyseventeen\/index.php?rest_route=\/wp\/v2\/users\/1"}],"replies":[{"embeddable":true,"href":"https:\/\/schloss-oberstein.de\/themes\/twentyseventeen\/index.php?rest_route=%2Fwp%2Fv2%2Fcomments&post=311"}],"version-history":[{"count":0,"href":"https:\/\/schloss-oberstein.de\/themes\/twentyseventeen\/index.php?rest_route=\/wp\/v2\/posts\/311\/revisions"}],"wp:featuredmedia":[{"embeddable":true,"href":"https:\/\/schloss-oberstein.de\/themes\/twentyseventeen\/index.php?rest_route=\/wp\/v2\/media\/308"}],"wp:attachment":[{"href":"https:\/\/schloss-oberstein.de\/themes\/twentyseventeen\/index.php?rest_route=%2Fwp%2Fv2%2Fmedia&parent=311"}],"wp:term":[{"taxonomy":"category","embeddable":true,"href":"https:\/\/schloss-oberstein.de\/themes\/twentyseventeen\/index.php?rest_route=%2Fwp%2Fv2%2Fcategories&post=311"},{"taxonomy":"post_tag","embeddable":true,"href":"https:\/\/schloss-oberstein.de\/themes\/twentyseventeen\/index.php?rest_route=%2Fwp%2Fv2%2Ftags&post=311"}],"curies":[{"name":"wp","href":"https:\/\/api.w.org\/{rel}","templated":true}]}}