{"id":3160,"date":"2025-11-22T15:30:48","date_gmt":"2025-11-22T14:30:48","guid":{"rendered":"https:\/\/schloss-oberstein.de\/themes\/twentyseventeen\/?p=3160"},"modified":"2025-11-22T15:30:48","modified_gmt":"2025-11-22T14:30:48","slug":"schlosschor-oberstein-lichtblicke-im-advent","status":"publish","type":"post","link":"https:\/\/schloss-oberstein.de\/themes\/twentyseventeen\/?p=3160","title":{"rendered":"SchlossChor Oberstein &#8211; Lichtblicke im Advent"},"content":{"rendered":"<p><img loading=\"lazy\" decoding=\"async\" class=\"alignnone size-medium wp-image-3141\" src=\"https:\/\/schloss-oberstein.de\/wp-content\/uploads\/2025\/11\/1-300x300.png\" alt=\"\" width=\"300\" height=\"300\" srcset=\"https:\/\/schloss-oberstein.de\/wp-content\/uploads\/2025\/11\/1-300x300.png 300w, https:\/\/schloss-oberstein.de\/wp-content\/uploads\/2025\/11\/1-1024x1024.png 1024w, https:\/\/schloss-oberstein.de\/wp-content\/uploads\/2025\/11\/1-150x150.png 150w, https:\/\/schloss-oberstein.de\/wp-content\/uploads\/2025\/11\/1-768x768.png 768w, https:\/\/schloss-oberstein.de\/wp-content\/uploads\/2025\/11\/1.png 1080w\" sizes=\"auto, (max-width: 300px) 100vw, 300px\" \/> <img loading=\"lazy\" decoding=\"async\" class=\"alignnone size-medium wp-image-3161\" src=\"https:\/\/schloss-oberstein.de\/wp-content\/uploads\/2025\/11\/SchlossChor_KonzertIII25-1-212x300.jpg\" alt=\"\" width=\"212\" height=\"300\" srcset=\"https:\/\/schloss-oberstein.de\/wp-content\/uploads\/2025\/11\/SchlossChor_KonzertIII25-1-212x300.jpg 212w, https:\/\/schloss-oberstein.de\/wp-content\/uploads\/2025\/11\/SchlossChor_KonzertIII25-1-724x1024.jpg 724w, https:\/\/schloss-oberstein.de\/wp-content\/uploads\/2025\/11\/SchlossChor_KonzertIII25-1-768x1086.jpg 768w, https:\/\/schloss-oberstein.de\/wp-content\/uploads\/2025\/11\/SchlossChor_KonzertIII25-1-1086x1536.jpg 1086w, https:\/\/schloss-oberstein.de\/wp-content\/uploads\/2025\/11\/SchlossChor_KonzertIII25-1-1448x2048.jpg 1448w, https:\/\/schloss-oberstein.de\/wp-content\/uploads\/2025\/11\/SchlossChor_KonzertIII25-1-scaled.jpg 1810w\" sizes=\"auto, (max-width: 212px) 100vw, 212px\" \/><\/p>\n<p>&nbsp;<\/p>\n<p>Am Nikolaustag, den 6.Dezember wird Christian Kurtzahn, Leiter des in diesem Jahr neu entstandenen \u201eSchlossChors\u201c, in der katholischen Kirche Sankt Johannes Nepomuk in Kirchenbollenbach um 19 Uhr ein Konzert mit dem Titel \u201eLichtblicke\u201c im Advent\u201c geben. Johann Sebastian Bachs Musik wird mit Kantaten und Chor\u00e4len aus dem Weihnachts-Oratorium vertreten sein. Dazu hat der Chor zeitgen\u00f6ssische Kirchenmusik einstudiert, unter anderem aus der Feder des popul\u00e4ren Engl\u00e4nders John Rutter (Angels Carol) und Karl Jenkins. Kurtzahn wird wieder improvisieren. Instrumentalisten der Mannheimer Philharmonie werden einige Werke begleiten und im derzeit weltpolitisch st\u00fcrmischen Getriebe m\u00f6chten die S\u00e4ngerinnen und S\u00e4nger eine besinnliche Auszeit anbieten und Akzente der Hoffnung setzten. Karten zum Preis von 15 Euro an der Abendkasse.<\/p>\n<p>Vorverkauf: Email an <a href=\"mailto:chor@schloss-oberstein.de\">chor@schloss-oberstein.de<\/a><\/p>\n<p>Einlass ab 18:15 Uhr<\/p>\n","protected":false},"excerpt":{"rendered":"<p>&nbsp; Am Nikolaustag, den 6.Dezember wird Christian Kurtzahn, Leiter des in diesem Jahr neu entstandenen \u201eSchlossChors\u201c, in der katholischen Kirche Sankt Johannes Nepomuk in Kirchenbollenbach um 19 Uhr ein Konzert mit dem Titel \u201eLichtblicke\u201c im Advent\u201c geben. Johann Sebastian Bachs Musik wird mit Kantaten und Chor\u00e4len aus dem Weihnachts-Oratorium vertreten sein. Dazu hat der Chor [&hellip;]<\/p>\n","protected":false},"author":2,"featured_media":0,"comment_status":"closed","ping_status":"closed","sticky":false,"template":"","format":"standard","meta":{"footnotes":""},"categories":[14],"tags":[],"class_list":["post-3160","post","type-post","status-publish","format-standard","hentry","category-neuigkeiten"],"publishpress_future_action":{"enabled":false,"date":"2026-05-09 06:07:23","action":"change-status","newStatus":"draft","terms":[],"taxonomy":"category","extraData":[]},"publishpress_future_workflow_manual_trigger":{"enabledWorkflows":[]},"_links":{"self":[{"href":"https:\/\/schloss-oberstein.de\/themes\/twentyseventeen\/index.php?rest_route=\/wp\/v2\/posts\/3160","targetHints":{"allow":["GET"]}}],"collection":[{"href":"https:\/\/schloss-oberstein.de\/themes\/twentyseventeen\/index.php?rest_route=\/wp\/v2\/posts"}],"about":[{"href":"https:\/\/schloss-oberstein.de\/themes\/twentyseventeen\/index.php?rest_route=\/wp\/v2\/types\/post"}],"author":[{"embeddable":true,"href":"https:\/\/schloss-oberstein.de\/themes\/twentyseventeen\/index.php?rest_route=\/wp\/v2\/users\/2"}],"replies":[{"embeddable":true,"href":"https:\/\/schloss-oberstein.de\/themes\/twentyseventeen\/index.php?rest_route=%2Fwp%2Fv2%2Fcomments&post=3160"}],"version-history":[{"count":1,"href":"https:\/\/schloss-oberstein.de\/themes\/twentyseventeen\/index.php?rest_route=\/wp\/v2\/posts\/3160\/revisions"}],"predecessor-version":[{"id":3162,"href":"https:\/\/schloss-oberstein.de\/themes\/twentyseventeen\/index.php?rest_route=\/wp\/v2\/posts\/3160\/revisions\/3162"}],"wp:attachment":[{"href":"https:\/\/schloss-oberstein.de\/themes\/twentyseventeen\/index.php?rest_route=%2Fwp%2Fv2%2Fmedia&parent=3160"}],"wp:term":[{"taxonomy":"category","embeddable":true,"href":"https:\/\/schloss-oberstein.de\/themes\/twentyseventeen\/index.php?rest_route=%2Fwp%2Fv2%2Fcategories&post=3160"},{"taxonomy":"post_tag","embeddable":true,"href":"https:\/\/schloss-oberstein.de\/themes\/twentyseventeen\/index.php?rest_route=%2Fwp%2Fv2%2Ftags&post=3160"}],"curies":[{"name":"wp","href":"https:\/\/api.w.org\/{rel}","templated":true}]}}