{"id":343,"date":"2019-09-21T17:07:06","date_gmt":"2019-09-21T15:07:06","guid":{"rendered":"http:\/\/2022.schloss-oberstein.de\/themes\/twentyseventeen\/2019\/09\/21\/open-stage-auf-dem-schloss\/"},"modified":"2019-09-21T17:07:06","modified_gmt":"2019-09-21T15:07:06","slug":"open-stage-auf-dem-schloss","status":"publish","type":"post","link":"https:\/\/schloss-oberstein.de\/themes\/twentyseventeen\/?p=343","title":{"rendered":"Open Stage auf dem Schloss"},"content":{"rendered":"<p style=\"text-align: justify;\"><img loading=\"lazy\" decoding=\"async\" class=\" alignleft size-full wp-image-340\" style=\"margin: 5px; float: left;\" src=\"http:\/\/2022.schloss-oberstein.de\/wp-content\/uploads\/2019\/09\/P1030223.JPG\" alt=\"P1030223\" width=\"300\" height=\"225\" srcset=\"https:\/\/schloss-oberstein.de\/wp-content\/uploads\/2019\/09\/P1030223.JPG 1024w, https:\/\/schloss-oberstein.de\/wp-content\/uploads\/2019\/09\/P1030223-300x225.jpg 300w, https:\/\/schloss-oberstein.de\/wp-content\/uploads\/2019\/09\/P1030223-768x576.jpg 768w\" sizes=\"auto, (max-width: 300px) 100vw, 300px\" \/>Der Burgenverein Schloss Oberstein und der Musiker Albert Nicodemus hatten zu einem besonderen Anlass, einer \u201eOpen Stage\u201c im Schloss, geladen. Und die Resonanz war \u00fcberzeugend: insgesamt zw\u00f6lf Darbietungen, von Coversongs \u00fcber selbstgeschriebene St\u00fccke bis hin zu Wortbeitr\u00e4gen (neudeutsch Poetry Slam) konnten die begeisterten Zuschauer in einem mehr als zweieinhalbst\u00fcndigen Programm restlos \u00fcberzeugen. Die Audiotechnik wurde vom Burgenverein bereitgestellt, so dass die Musiker nur mit ihren Instrumenten erscheinen und ihre Kabel einstecken mussten.<\/p>\n<p><!--more--><\/p>\n<p style=\"text-align: justify;\">Am Mischpult agierte Joachim Schwarz, der den Sound sicher durch den Abend navigierte. Helfer des Burgenvereins sorgten f\u00fcr Getr\u00e4nke und kleine Snacks und schufen so die gewohnte Wohlf\u00fchlatmosph\u00e4re im Schloss.<\/p>\n<p style=\"text-align: justify;\"><img loading=\"lazy\" decoding=\"async\" class=\" alignright size-full wp-image-341\" style=\"margin: 5px; float: right;\" src=\"http:\/\/2022.schloss-oberstein.de\/wp-content\/uploads\/2019\/09\/paula.jpg\" alt=\"P1030215\" width=\"170\" height=\"184\" srcset=\"https:\/\/schloss-oberstein.de\/wp-content\/uploads\/2019\/09\/paula.jpg 363w, https:\/\/schloss-oberstein.de\/wp-content\/uploads\/2019\/09\/paula-277x300.jpg 277w\" sizes=\"auto, (max-width: 170px) 100vw, 170px\" \/>Den musikalischen Auftakt gestaltete <strong>Albert Nicodemus<\/strong> mit seinem Song \u201eMein Idar-Oberstein\u201c, einer Hymne auf seine Heimatstadt, die das Publikum begeistert mitsang. Es folgte <strong>Max Gebert<\/strong> mit mehreren selbstgeschriebenen Titeln zur Akustikgitarre, gefolgt von <strong>Simon Metzger<\/strong>, der seinen ersten Auftritt vor Publikum mit seiner E-Gitarre \u00fcberzeugend absolvierte. <strong>Paula Effgen<\/strong> betrat mit ihrer Akustikgitarre die B\u00fchne und \u00fcberzeugte mit vier Songs, darunter das nicht einfache \u201eTalkin\u2018 about a revolution\u201c von Tracy Chapman.<\/p>\n<p style=\"text-align: justify;\">Die Band mit dem interessanten Namen \u201e<strong>Auf\u2019n Kaffee mit rauf<\/strong>\u201c um ihren Frontmann Mario Conrad legte ihren Schwerpunkt auf Songs der britischen Folkband Mumford &amp; Sons, konnte aber ebenso mit einem vom Gitarristen Kasimir Welsch selbstgeschriebenen Titel das Publikum in einem energetischen, musikalisch sicheren Auftritt mitrei\u00dfen.<\/p>\n<p>{mp4}band{\/mp4}<\/p>\n<p style=\"text-align: justify;\">Mit einer von ihm selbst so bezeichneten Realsatire konnte <strong>Hans-J\u00fcrgen Werle<\/strong> ganz ohne Verst\u00e4rkertechnik die Zuh\u00f6rer in seinen Bann ziehen. Die gespannte Stille und spontaner Applaus zeugten von der treffsicheren, ironisch-kritischen Redekunst des ausgesprochen gut aufgelegten Redners.<\/p>\n<p style=\"text-align: justify;\">Die S\u00e4ngerin <strong>Mikk<\/strong> sang zwei selbstgeschriebene Songs in deutscher Sprache und trug einen Poetry Slam vor, gefolgt von <strong>Frank Merker<\/strong>, der unter anderem mit dem Reinhard-Mey-Song \u201e\u00dcber den Wolken\u201c das Publikum zum lauten Mitsingen brachte.<\/p>\n<p style=\"text-align: justify;\">Dann betrat ein Urgestein der Idar-Obersteiner Musikszene die B\u00fchne. <strong>Peter Krebs<\/strong>, besser bekannt als <strong>Long Tall Peter<\/strong> oder LTP, riss die Zuschauer mit seinen Coversongs zu seiner laut dr\u00f6hnenden Standtrommel mit und animierte zum lautstarken Mitsingen, darunter das bekannte \u201eWith or without you\u201c von U2.<\/p>\n<p style=\"text-align: justify;\"><img loading=\"lazy\" decoding=\"async\" class=\" alignleft size-full wp-image-342\" style=\"margin: 5px; float: left;\" src=\"http:\/\/2022.schloss-oberstein.de\/wp-content\/uploads\/2019\/09\/P1030228.JPG\" alt=\"P1030228\" width=\"300\" height=\"225\" srcset=\"https:\/\/schloss-oberstein.de\/wp-content\/uploads\/2019\/09\/P1030228.JPG 1024w, https:\/\/schloss-oberstein.de\/wp-content\/uploads\/2019\/09\/P1030228-300x225.jpg 300w, https:\/\/schloss-oberstein.de\/wp-content\/uploads\/2019\/09\/P1030228-768x576.jpg 768w\" sizes=\"auto, (max-width: 300px) 100vw, 300px\" \/>Die Band \u201e<strong>98<\/strong>\u201c gab mehrere Coversongs professionell zum Besten, wobei die Musiker mehrfach untereinander die Instrumente wechselten. Den musikalischen Schlussstrich zog wiederum Albert Nicodemus, der mit seinem Song \u201eMein Idar-Oberstein\u201c den Abend unter Mithilfe des laut mitsingenden Publikums beendete.<\/p>\n<p style=\"text-align: justify;\">Die begeisterten Zuschauer wie auch die Veranstalter waren sich ausnahmslos \u00fcber den herausragenden Erfolg des Projekts einig und stellten fest, dass dies nicht die letzte Veranstaltung dieser Art im Schloss sein d\u00fcrfe. Und so denkt das Team bereits intensiv \u00fcber weitere Events dieser Art f\u00fcr die Zukunft nach.<\/p>\n","protected":false},"excerpt":{"rendered":"<p>Der Burgenverein Schloss Oberstein und der Musiker Albert Nicodemus hatten zu einem besonderen Anlass, einer \u201eOpen Stage\u201c im Schloss, geladen. Und die Resonanz war \u00fcberzeugend: insgesamt zw\u00f6lf Darbietungen, von Coversongs \u00fcber selbstgeschriebene St\u00fccke bis hin zu Wortbeitr\u00e4gen (neudeutsch Poetry Slam) konnten die begeisterten Zuschauer in einem mehr als zweieinhalbst\u00fcndigen Programm restlos \u00fcberzeugen. Die Audiotechnik wurde [&hellip;]<\/p>\n","protected":false},"author":1,"featured_media":340,"comment_status":"open","ping_status":"open","sticky":false,"template":"","format":"standard","meta":{"footnotes":""},"categories":[14],"tags":[],"class_list":["post-343","post","type-post","status-publish","format-standard","has-post-thumbnail","hentry","category-neuigkeiten"],"publishpress_future_action":{"enabled":false,"date":"2026-05-07 05:15:16","action":"change-status","newStatus":"draft","terms":[],"taxonomy":"category","extraData":[]},"publishpress_future_workflow_manual_trigger":{"enabledWorkflows":[]},"_links":{"self":[{"href":"https:\/\/schloss-oberstein.de\/themes\/twentyseventeen\/index.php?rest_route=\/wp\/v2\/posts\/343","targetHints":{"allow":["GET"]}}],"collection":[{"href":"https:\/\/schloss-oberstein.de\/themes\/twentyseventeen\/index.php?rest_route=\/wp\/v2\/posts"}],"about":[{"href":"https:\/\/schloss-oberstein.de\/themes\/twentyseventeen\/index.php?rest_route=\/wp\/v2\/types\/post"}],"author":[{"embeddable":true,"href":"https:\/\/schloss-oberstein.de\/themes\/twentyseventeen\/index.php?rest_route=\/wp\/v2\/users\/1"}],"replies":[{"embeddable":true,"href":"https:\/\/schloss-oberstein.de\/themes\/twentyseventeen\/index.php?rest_route=%2Fwp%2Fv2%2Fcomments&post=343"}],"version-history":[{"count":0,"href":"https:\/\/schloss-oberstein.de\/themes\/twentyseventeen\/index.php?rest_route=\/wp\/v2\/posts\/343\/revisions"}],"wp:featuredmedia":[{"embeddable":true,"href":"https:\/\/schloss-oberstein.de\/themes\/twentyseventeen\/index.php?rest_route=\/wp\/v2\/media\/340"}],"wp:attachment":[{"href":"https:\/\/schloss-oberstein.de\/themes\/twentyseventeen\/index.php?rest_route=%2Fwp%2Fv2%2Fmedia&parent=343"}],"wp:term":[{"taxonomy":"category","embeddable":true,"href":"https:\/\/schloss-oberstein.de\/themes\/twentyseventeen\/index.php?rest_route=%2Fwp%2Fv2%2Fcategories&post=343"},{"taxonomy":"post_tag","embeddable":true,"href":"https:\/\/schloss-oberstein.de\/themes\/twentyseventeen\/index.php?rest_route=%2Fwp%2Fv2%2Ftags&post=343"}],"curies":[{"name":"wp","href":"https:\/\/api.w.org\/{rel}","templated":true}]}}